{"id":4245,"date":"2024-04-03T10:39:06","date_gmt":"2024-04-03T10:39:06","guid":{"rendered":"https:\/\/www.fireadapt.eu\/?p=4245"},"modified":"2024-04-03T11:48:13","modified_gmt":"2024-04-03T11:48:13","slug":"complementing-theoretical-and-practical-approaches-through-exchanges-gian-luca-spadoni-unito-on-his-secondments-in-france-and-brazil","status":"publish","type":"post","link":"https:\/\/www.fireadapt.eu\/en\/complementing-theoretical-and-practical-approaches-through-exchanges-gian-luca-spadoni-unito-on-his-secondments-in-france-and-brazil\/","title":{"rendered":"Complementing theoretical and practical approaches through exchanges. Gian Luca Spadoni (UniTO) on his secondments in France and Brazil."},"content":{"rendered":"\n<p>Gian Luca Spadoni is a PhD candidate at the University of Turin (UniTO, Italy), funded by the Sustainable Development and Climate Change programme of the University School for Advanced Studies &#8211; IUSS Pavia. So far in FIRE-ADAPT, he\u2019s done two secondments. He&#8217;s been in Montpellier, France, working in the laboratory of Imma Oliveras, at the <a href=\"https:\/\/amap.cirad.fr\/en\/\" target=\"_blank\" rel=\"noreferrer noopener\">botAnique et Mod\u00e9lisation de l&#8217;Architecture des Plantes et des v\u00e9g\u00e9tations<\/a> research unit of the Institut de recherche pour le d\u00e9veloppement (IRD-AMAP). Gian Luca has also been in Chapada dos Guimar\u00e3es National Park, Brazil, hosted by Luiz Gustavo Gon\u00e7alves, from the <a href=\"https:\/\/www.gov.br\/icmbio\/pt-br\" target=\"_blank\" rel=\"noreferrer noopener\">Instituto Chico Mendes de Conserva\u00e7\u00e3o da Biodiversidade<\/a> (ICMBio).\u00a0<\/p>\n\n\n\n<p>From his secondments he highlights the possibility of learning the concepts he is studying through firsthand experiences and from directly talking to people. As an early-stage researcher, these experiences are of great value for both his personal and professional lives.<\/p>\n\n\n\n<figure class=\"wp-block-gallery has-nested-images columns-default is-cropped wp-block-gallery-1 is-layout-flex wp-block-gallery-is-layout-flex\">\n<figure class=\"wp-block-image size-large\"><img fetchpriority=\"high\" decoding=\"async\" width=\"1024\" height=\"819\" data-id=\"4228\" src=\"https:\/\/www.fireadapt.eu\/wp-content\/uploads\/2024\/04\/IMG_7706_cropped-1024x819.jpg\" alt=\"\" class=\"wp-image-4228\" srcset=\"https:\/\/www.fireadapt.eu\/wp-content\/uploads\/2024\/04\/IMG_7706_cropped-1024x819.jpg 1024w, https:\/\/www.fireadapt.eu\/wp-content\/uploads\/2024\/04\/IMG_7706_cropped-300x240.jpg 300w, https:\/\/www.fireadapt.eu\/wp-content\/uploads\/2024\/04\/IMG_7706_cropped-768x614.jpg 768w, https:\/\/www.fireadapt.eu\/wp-content\/uploads\/2024\/04\/IMG_7706_cropped-1536x1229.jpg 1536w, https:\/\/www.fireadapt.eu\/wp-content\/uploads\/2024\/04\/IMG_7706_cropped.jpg 1920w\" sizes=\"(max-width: 1024px) 100vw, 1024px\" \/><\/figure>\n\n\n\n<figure class=\"wp-block-image size-large\"><img decoding=\"async\" width=\"1024\" height=\"819\" data-id=\"4222\" src=\"https:\/\/www.fireadapt.eu\/wp-content\/uploads\/2024\/04\/2023083-1024x819.jpg\" alt=\"\" class=\"wp-image-4222\" srcset=\"https:\/\/www.fireadapt.eu\/wp-content\/uploads\/2024\/04\/2023083-1024x819.jpg 1024w, https:\/\/www.fireadapt.eu\/wp-content\/uploads\/2024\/04\/2023083-300x240.jpg 300w, https:\/\/www.fireadapt.eu\/wp-content\/uploads\/2024\/04\/2023083-768x614.jpg 768w, https:\/\/www.fireadapt.eu\/wp-content\/uploads\/2024\/04\/2023083-1536x1229.jpg 1536w, https:\/\/www.fireadapt.eu\/wp-content\/uploads\/2024\/04\/2023083.jpg 1920w\" sizes=\"(max-width: 1024px) 100vw, 1024px\" \/><\/figure>\n<figcaption class=\"blocks-gallery-caption wp-element-caption\">Gian Luca Spadoni (UniTO) with his secondment hosts.\u00a0 Left: with Imma Oliveras (IRD-AMAP) in the AMAP premises, Montpellier, France. Right: with Luiz Gustavo Gon\u00e7alves (ICMBio, second from right) and colleagues from ICMBio at its headquarters in Chapada dos Guimar\u00e3es National Park, Brazil.<\/figcaption><\/figure>\n\n\n\n<p><strong><mark style=\"background-color:rgba(0, 0, 0, 0);color:#567f3e\" class=\"has-inline-color\">What is your doctoral research about?<\/mark><\/strong><\/p>\n\n\n\n<p>My doctoral research is about how complex socio-ecological systems, which are regulated by interacting anthropogenic and ecological variables, drive wildfires. In each one of my thesis chapters, I am focusing on a different specific socio-ecological process. For example, in one of my chapters, I\u2019m trying to understand how vegetation loss through land conversion is influencing fires in the Brazilian Cerrado.<\/p>\n\n\n\n<p><strong><mark style=\"background-color:rgba(0, 0, 0, 0);color:#567f3e\" class=\"has-inline-color\">What were the goals of your secondments?<\/mark><\/strong><\/p>\n\n\n\n<p>Before starting in FIRE-ADAPT, I focused on subtropical ecosystems, especially on Mediterranean environments. Thanks to our project, together with Imma Oliveras (IRD-AMAP) and Luiz Gustavo (ICMBio), I could include the tropical biome of the Brazilian Cerrado in my PhD research, by complementing theoretical and practical approaches we developed in France and Brazil, respectively. To the study led by Imma I\u2019m contributing a focus on the governance processes conditioning the fire regime in the Cerrado. In Brazil, I gained local and practical knowledge and gave a more scientific insight.<\/p>\n\n\n\n<figure class=\"wp-block-image size-large is-resized\"><img decoding=\"async\" width=\"1024\" height=\"768\" src=\"https:\/\/www.fireadapt.eu\/wp-content\/uploads\/2024\/04\/2023091-1024x768.jpg\" alt=\"\" class=\"wp-image-4224\" style=\"width:400px;height:auto\" srcset=\"https:\/\/www.fireadapt.eu\/wp-content\/uploads\/2024\/04\/2023091-1024x768.jpg 1024w, https:\/\/www.fireadapt.eu\/wp-content\/uploads\/2024\/04\/2023091-300x225.jpg 300w, https:\/\/www.fireadapt.eu\/wp-content\/uploads\/2024\/04\/2023091-768x576.jpg 768w, https:\/\/www.fireadapt.eu\/wp-content\/uploads\/2024\/04\/2023091-1536x1152.jpg 1536w, https:\/\/www.fireadapt.eu\/wp-content\/uploads\/2024\/04\/2023091.jpg 1920w\" sizes=\"(max-width: 1024px) 100vw, 1024px\" \/><figcaption class=\"wp-element-caption\">Landscape of the Cerrado in Chapada dos Guimar\u00e3es National Park, Brazil.<\/figcaption><\/figure>\n\n\n\n<p><strong><mark style=\"background-color:rgba(0, 0, 0, 0);color:#567f3e\" class=\"has-inline-color\">What activities did you carry out?<\/mark><\/strong><\/p>\n\n\n\n<p>In France, one-to-one and team meetings, presentations and learning new technical skills related to the study of socio-ecological processes through geospatial analyses.<\/p>\n\n\n\n<p>In Brazil, the activities were more field-orientated and allowed me to understand how local practitioners deal with fire in a biome as complex and flammable as the Cerrado. For example, I learnt how to monitor wildfires from local firefighters, I also local researchers, and all that has been very useful to understand what the actual processes happening in the Cerrado are.<\/p>\n\n\n\n<figure class=\"wp-block-image size-large is-resized\"><img loading=\"lazy\" decoding=\"async\" width=\"1024\" height=\"819\" src=\"https:\/\/www.fireadapt.eu\/wp-content\/uploads\/2024\/04\/20230809_164929_Cropped-1024x819.jpg\" alt=\"\" class=\"wp-image-4220\" style=\"width:400px\" srcset=\"https:\/\/www.fireadapt.eu\/wp-content\/uploads\/2024\/04\/20230809_164929_Cropped-1024x819.jpg 1024w, https:\/\/www.fireadapt.eu\/wp-content\/uploads\/2024\/04\/20230809_164929_Cropped-300x240.jpg 300w, https:\/\/www.fireadapt.eu\/wp-content\/uploads\/2024\/04\/20230809_164929_Cropped-768x614.jpg 768w, https:\/\/www.fireadapt.eu\/wp-content\/uploads\/2024\/04\/20230809_164929_Cropped-1536x1228.jpg 1536w, https:\/\/www.fireadapt.eu\/wp-content\/uploads\/2024\/04\/20230809_164929_Cropped.jpg 1753w\" sizes=\"(max-width: 1024px) 100vw, 1024px\" \/><figcaption class=\"wp-element-caption\">Gian Luca during a field activity in the Cerrado, Chapada dos Guimar\u00e3es National Park, Brazil.<\/figcaption><\/figure>\n\n\n\n<p><strong><mark style=\"background-color:rgba(0, 0, 0, 0);color:#567f3e\" class=\"has-inline-color\">What did you take home from your secondments? <\/mark><\/strong><\/p>\n\n\n\n<p>I had read about the Cerrado and looked at images of it, but the experience I got from having been there is clearly much more enriching. For example, during a prescribed burn I saw how powerfully fire spreads through the vegetation. I also witnessed what happens when fire is excluded from areas that would benefit from it. For example, in the Cerrado-Amazon transition, the absence of fire causes Amazonian plant species to invade the Cerrado side, which results in the overgrowth of woody plants and biodiversity loss, altering some of the environmental conditions of this part of the Cerrado. Now I am much more aware of what impacts fire can have and how this biome needs it to function.<\/p>\n\n\n\n<p><figure class=\"wp-block-image size-large is-resized\"><img loading=\"lazy\" decoding=\"async\" width=\"1024\" height=\"768\" class=\"wp-image-4226\" style=\"width:400px\" src=\"https:\/\/www.fireadapt.eu\/wp-content\/uploads\/2024\/04\/2023092-1024x768.jpg\" alt=\"\" srcset=\"https:\/\/www.fireadapt.eu\/wp-content\/uploads\/2024\/04\/2023092-1024x768.jpg 1024w, https:\/\/www.fireadapt.eu\/wp-content\/uploads\/2024\/04\/2023092-300x225.jpg 300w, https:\/\/www.fireadapt.eu\/wp-content\/uploads\/2024\/04\/2023092-768x576.jpg 768w, https:\/\/www.fireadapt.eu\/wp-content\/uploads\/2024\/04\/2023092-1536x1152.jpg 1536w, https:\/\/www.fireadapt.eu\/wp-content\/uploads\/2024\/04\/2023092.jpg 1920w\" sizes=\"(max-width: 1024px) 100vw, 1024px\" \/><figcaption class=\"wp-element-caption\">Prescribed burn in Chapada dos Guimar\u00e3es National Park, Brazil.<\/figcaption><\/figure><\/p>\n\n\n\n<p>In Brazil I got information I couldn&#8217;t find in papers, like that from the people from local communities I talked to, which they had received from their grandparents on their turn. An example is the traditional use of fire for grazing or small-crop maintenance.<\/p>\n\n\n\n<p>Also, the secondments gave me the resources to connect with researchers with whom I share interests, so it allowed me to enlarge my network.<\/p>\n\n\n\n<p><strong><mark style=\"background-color:rgba(0, 0, 0, 0);color:#567f3e\" class=\"has-inline-color\">What secondment-derived plans you all have?<\/mark><\/strong><\/p>\n\n\n\n<p>A paper co-authored alongside other FIRE-ADAPT fellows.<\/p>\n\n\n\n<p>Also, more secondments &#8211; I am planning to go back to Brazil and to welcome my hosts in Italy!<\/p>\n\n\n\n<p><strong><mark style=\"background-color:rgba(0, 0, 0, 0);color:#567f3e\" class=\"has-inline-color\">More about your experiences in France and Brazil<\/mark><\/strong><\/p>\n\n\n\n<p><strong><mark style=\"background-color:rgba(0, 0, 0, 0);color:#e6613d\" class=\"has-inline-color\">Something that caught your attention about these countries<\/mark><\/strong><\/p>\n\n\n\n<p>France: the \u201cinternationality\u201d and openness of Imma\u2019s lab.<\/p>\n\n\n\n<p>Brazil: The care and the resources they invest in monitoring and preserving their landscapes.<\/p>\n\n\n\n<p><strong><mark style=\"background-color:rgba(0, 0, 0, 0);color:#e6613d\" class=\"has-inline-color\">Any new words you learnt<\/mark><\/strong><\/p>\n\n\n\n<p>In French: <strong><em>cr\u00e9maill\u00e8re<\/em><\/strong>, a house-warming party.<\/p>\n\n\n\n<p>In Brazilian: <strong><em>fica \u00e0 vontade<\/em><\/strong><em>,<\/em> go and help yourself, take as much as you want.<\/p>\n\n\n\n<p><strong><mark style=\"background-color:rgba(0, 0, 0, 0);color:#e6613d\" class=\"has-inline-color\">A meal that you liked<\/mark><\/strong><\/p>\n\n\n\n<p><p class=\"MsoNormal\">French:<span class=\"Ttol3Car\"><span style=\"font-size:12.0pt;\nline-height:107%\"> <\/span><\/span><i>tielle s\u00e9toise<\/i>, like a salty cake with octopus and tomato inside.<\/p><\/p>\n\n\n\n<p><p class=\"MsoNormal\">Brazilian: <i>agua de coco, <\/i>a delicious coconut juice served in the nut itself.<\/p><strong><mark style=\"background-color:rgba(0, 0, 0, 0);color:#e6613d\" class=\"has-inline-color\">A memory to keep forever<\/mark><\/strong><\/p>\n\n\n\n<p>In Brazil, one night we slept in the field in one of the facilities of the practitioners, a kind of wooden cabin in the middle of the Cerrado. We were surrounded by plant and animal species that were completely new to me, like monkeys. We had traditional food there. We were kind of isolated from time and space, and it felt very special.<br><br><\/p>\n","protected":false},"excerpt":{"rendered":"<p>Gian Luca Spadoni is a PhD candidate at the University of Turin (UniTO, Italy), funded by the Sustainable Development and Climate Change programme of the University School for Advanced Studies &#8211; IUSS Pavia. So far in FIRE-ADAPT, he\u2019s done two secondments. He&#8217;s been in Montpellier, France, working in the laboratory of Imma Oliveras, at the [&hellip;]<\/p>\n","protected":false},"author":1,"featured_media":4225,"comment_status":"open","ping_status":"closed","sticky":false,"template":"","format":"standard","meta":{"footnotes":""},"categories":[1],"tags":[],"class_list":["post-4245","post","type-post","status-publish","format-standard","has-post-thumbnail","hentry","category-sin-categorizar"],"_links":{"self":[{"href":"https:\/\/www.fireadapt.eu\/en\/wp-json\/wp\/v2\/posts\/4245","targetHints":{"allow":["GET"]}}],"collection":[{"href":"https:\/\/www.fireadapt.eu\/en\/wp-json\/wp\/v2\/posts"}],"about":[{"href":"https:\/\/www.fireadapt.eu\/en\/wp-json\/wp\/v2\/types\/post"}],"author":[{"embeddable":true,"href":"https:\/\/www.fireadapt.eu\/en\/wp-json\/wp\/v2\/users\/1"}],"replies":[{"embeddable":true,"href":"https:\/\/www.fireadapt.eu\/en\/wp-json\/wp\/v2\/comments?post=4245"}],"version-history":[{"count":7,"href":"https:\/\/www.fireadapt.eu\/en\/wp-json\/wp\/v2\/posts\/4245\/revisions"}],"predecessor-version":[{"id":4252,"href":"https:\/\/www.fireadapt.eu\/en\/wp-json\/wp\/v2\/posts\/4245\/revisions\/4252"}],"wp:featuredmedia":[{"embeddable":true,"href":"https:\/\/www.fireadapt.eu\/en\/wp-json\/wp\/v2\/media\/4225"}],"wp:attachment":[{"href":"https:\/\/www.fireadapt.eu\/en\/wp-json\/wp\/v2\/media?parent=4245"}],"wp:term":[{"taxonomy":"category","embeddable":true,"href":"https:\/\/www.fireadapt.eu\/en\/wp-json\/wp\/v2\/categories?post=4245"},{"taxonomy":"post_tag","embeddable":true,"href":"https:\/\/www.fireadapt.eu\/en\/wp-json\/wp\/v2\/tags?post=4245"}],"curies":[{"name":"wp","href":"https:\/\/api.w.org\/{rel}","templated":true}]}}