{"id":3177,"date":"2023-09-07T11:20:46","date_gmt":"2023-09-07T11:20:46","guid":{"rendered":"https:\/\/www.fireadapt.eu\/?p=3177"},"modified":"2023-11-09T10:45:10","modified_gmt":"2023-11-09T10:45:10","slug":"conoce-a-nuestras-socias-aylen-carrasco","status":"publish","type":"post","link":"https:\/\/www.fireadapt.eu\/es\/conoce-a-nuestras-socias-aylen-carrasco\/","title":{"rendered":"Conoce a nuestras socias: Aylen Carrasco"},"content":{"rendered":"\n<figure class=\"wp-block-embed is-type-video is-provider-youtube wp-block-embed-youtube wp-embed-aspect-16-9 wp-has-aspect-ratio\"><div class=\"wp-block-embed__wrapper\">\n<iframe title=\"Meet FIRE-ADAPT\u00b4s partners\/Conoce a las socias de FIRE-ADAPT: Aylen Carrasco (UNL)\" width=\"800\" height=\"450\" src=\"https:\/\/www.youtube.com\/embed\/-CWctxMDQUw?feature=oembed\" frameborder=\"0\" allow=\"accelerometer; autoplay; clipboard-write; encrypted-media; gyroscope; picture-in-picture; web-share\" allowfullscreen><\/iframe>\n<\/div><\/figure>\n\n\n\n<p><strong><mark style=\"background-color: rgba(0, 0, 0, 0); color: #567f3e;\">Rol en FIRE-ADAPT:&nbsp;<\/mark><\/strong>investigadora y coorganizadora del <a href=\"https:\/\/www.fireadapt.eu\/es\/study-hubs\/argentina\/\" target=\"_blank\" rel=\"noreferrer noopener\">Study Hub de Argentina<\/a><\/p>\n\n\n\n<p><strong><mark style=\"background-color: rgba(0, 0, 0, 0); color: #567f3e;\">Organizaci\u00f3n:<\/mark><\/strong> <a href=\"https:\/\/www.fich.unl.edu.ar\/\" target=\"_blank\" rel=\"noreferrer noopener\">Facultad de Ciencias H\u00eddricas<\/a>, <a href=\"https:\/\/www.unl.edu.ar\/\" target=\"_blank\" rel=\"noreferrer noopener\">Universidad Nacional del Litoral<\/a> (UNL)<\/p>\n\n\n\n<p><strong><mark style=\"background-color: rgba(0, 0, 0, 0); color: #567f3e;\">Pa\u00eds:<\/mark><\/strong> Argentina<\/p>\n\n\n\n<p><mark style=\"background-color: rgba(0, 0, 0, 0); color: #567f3e;\"><strong>Qu\u00e9 me motiv\u00f3 a unirme a FIRE-ADAPT<\/strong><\/mark><\/p>\n\n\n\n<p>Una de mis l\u00edneas de investigaci\u00f3n en la universidad es la incidencia del fuego en el humedal. Empezamos con el monitoreo de espacios quemados accidentalmente durante el periodo de la pandemia, sobre todo viendo el crecimiento de la vegetaci\u00f3n y c\u00f3mo esto se relacionaba con la hidrodin\u00e1mica de los sitios por el humedal. Entonces surgi\u00f3 la posibilidad de participar en FIRE-ADAPT como un proyecto sobre el manejo integral del fuego en distintos ecosistemas, y los vimos como una oportunidad. Nos pareci\u00f3 que el humedal con el que trabajamos es importante y era interesante que estuviera. Adem\u00e1s, para nosotros es un crecimiento en conocimiento y relaciones.<\/p>\n\n\n\n<p><mark style=\"background-color: rgba(0, 0, 0, 0); color: #567f3e;\"><strong>Sobre mi <em>secondment<\/em> (estancia de trabajo) con el <a rel=\"noreferrer noopener\" href=\"https:\/\/www.ctfc.cat\/es\/?lang=en\" target=\"_blank\">CTFC<\/a> en Espa\u00f1a, durante el <a rel=\"noopener\" href=\"https:\/\/www.fireadapt.eu\/es\/study-hubs\/spain\/\" target=\"_blank\">el encuentro en su Study Hub<\/a><\/strong><\/mark><\/p>\n\n\n\n<p><strong><mark style=\"background-color: rgba(0, 0, 0, 0); color: #e6613d;\">Cu\u00e1les fueron los objetivos de mi <em>secondment<\/em><\/mark><\/strong><\/p>\n\n\n\n<p>Principalmente representar a mi facultad en las actividades de las \u00e1reas de trabajo (<em>work packages<\/em>) que tuvieron lugar en el Study Hub de Espa\u00f1a &#8211; todo lo que tienen que ver con la ecolog\u00eda del fuego, para poder ver y decidir c\u00f3mo organizar\u00edamos el trabajo desde entonces hacia m\u00e1s adelante en el proyecto, y c\u00f3mo podemos contribuir como comunidad cient\u00edfica. Adem\u00e1s, participar en el <a href=\"https:\/\/www.fireadapt.eu\/es\/taller-iluminados-por-el-fuego-paradigmas-emergentes-para-politicas-de-manejo-integral-del-fuego-comprometidas-con-las-diversidades-bioculturales-en-america-latina-y-el-caribe\/\" target=\"_blank\" rel=\"noreferrer noopener\">taller que se ofreci\u00f3 en Montpellier<\/a> por el tema del impacto social, o sea, de la mirada social del manejo del fuego.<\/p>\n\n\n\n<p><mark style=\"background-color: rgba(0, 0, 0, 0); color: #e6613d;\"><strong>De qu\u00e9 manera nos benefici\u00f3 al CTFC y a m\u00ed<\/strong><\/mark><\/p>\n\n\n\n<p>El CTFC es un centro de tecnolog\u00eda forestal y tiene mucho de manejo con sensores remotos y quemas prescritas en el territorio. Nosotros estamos empezando a delinear y a dise\u00f1ar quemas prescritas en el humedal. Entonces, lo vimos como una oportunidad para aprender de ellos estrategias de manejo en general. Cumplimos en parte porque tanto en el CTFC como en la Universitat de Girona vimos distintos resultados o distintas alternativas de planes de manejo en otro ambiente pero que nos sirven a nosotros, y tambi\u00e9n vimos herramientas que se pueden utilizar para determinar distintas variables que se necesitan caracterizar a la hora de realizar una quema prescrita. Tambi\u00e9n nos sirvi\u00f3 para interactuar con otros investigadores y trabajar con ellos en un futuro, de una forma un poco m\u00e1s personalizada para aprender y poder implementar lo hacen ac\u00e1 en Argentina.<\/p>\n\n\n\n<p>Desde el punto de vista del CTFC, ellos no est\u00e1n acostumbrados a trabajar con nuestro ambiente. De alguna forma podemos ofrecer un laboratorio natural para que ellos puedan poner en pr\u00e1ctica algunas t\u00e9cnicas de manejo de fuego, si est\u00e1n interesados.<\/p>\n\n\n\n<p><strong><mark style=\"background-color: rgba(0, 0, 0, 0); color: #e6613d;\">Que tienen de parecido y de diferente las realidades de incendios en Argentina y Espa\u00f1a<\/mark><\/strong><\/p>\n\n\n\n<p>Se parecen en el sentido de que tanto en Argentina como en Espa\u00f1a existen grandes incendios forestales que son incontrolables. Hect\u00e1reas y hect\u00e1reas de bosques, p\u00e1ramos o sabanas se queman a partir de una intervenci\u00f3n humana, un rayo u otras causas.&nbsp;<\/p>\n\n\n\n<p>Se diferencian en el sentido de que en Catalu\u00f1a est\u00e1n muy avanzados con la implementaci\u00f3n y el respeto de un plan de manejo integral de fuego. Adem\u00e1s, hay mucho trabajo realizado por los cient\u00edficos, la comunidad involucrando a los bomberos, y las distintas instancias del Estado. En Argentina no es as\u00ed. All\u00e1 la pol\u00edtica estatal es de supresi\u00f3n total del fuego y de penalizaci\u00f3n de la generaci\u00f3n de fuego; se caracterizan todos los fuegos de la misma forma; cualquier fuego es un incendio y, sin embargo, la pr\u00e1ctica de fuego se sigue haciendo. Nosotros necesitamos construir lo que est\u00e1 en Catalu\u00f1a y utilizar todas las herramientas que podamos encontrar para poder demostrar que no todos los incendios y fuegos son malos, y que algunos son necesarios para poder controlar mayores da\u00f1os, o sea, las causalidades de los incendios son diferentes en los dos pa\u00edses.&nbsp;<\/p>\n\n\n\n<p>Me parece que, hasta cierto punto, el fuego se usa m\u00e1s en Argentina para aprovechar la tierra para un uso intensivo de la ganader\u00eda, cambiar el uso de suelo, o simplemente causar da\u00f1o en algunos casos, y tenemos una opini\u00f3n p\u00fablica muy sectorizada y fuerte que hace mucha presi\u00f3n en los pol\u00edticos y hace que ellos, los que toman decisiones, piensen solamente que suprimir el fuego sea el camino por ir sin conocer c\u00f3mo es la ecolog\u00eda del fuego, qu\u00e9 es lo que realmente se quema, c\u00f3mo se quema, cu\u00e1l es el efecto sobre el ambiente, c\u00f3mo es el la biodiversidad de lo que se est\u00e1 quemando, c\u00f3mo se regenera la biodiversidad y c\u00f3mo manejarlo.<\/p>\n\n\n\n<p><mark style=\"background-color: rgba(0, 0, 0, 0); color: #e6613d;\"><strong>Que me llam\u00f3 la atenci\u00f3n de Espa\u00f1a <\/strong><\/mark><\/p>\n\n\n\n<p>Uno siempre tiene la curiosidad por conocer y ver Europa. A m\u00ed me gusta mucho la historia, y convivir con ella es esencial. Me encant\u00f3 la oportunidad de haber ido a Espa\u00f1a a conocer un poco de la historia, el arte, la comida, y las personas que la habitan. Compar\u00e9 un poco la sociedad en Espa\u00f1a con la de Argentina, estando todo el tiempo mirando c\u00f3mo somos como sociedad, c\u00f3mo son los espa\u00f1oles, y c\u00f3mo me gustar\u00eda vivir.<br>Me encant\u00f3 todo lo que es la arquitectura, la preservaci\u00f3n de los edificios antiguos, y la limpieza.<\/p>\n\n\n\n<p><mark style=\"background-color: rgba(0, 0, 0, 0); color: #567f3e;\"><strong>Este soy yo<\/strong>&nbsp;<\/mark><\/p>\n\n\n\n<p><strong><mark style=\"background-color: rgba(0, 0, 0, 0); color: #e6613d;\">Comida favorita:<\/mark><\/strong> tortilla de papas<\/p>\n\n\n\n<p><strong><mark style=\"background-color: rgba(0, 0, 0, 0); color: #e6613d;\">Pel\u00edcula favorita:<\/mark><\/strong> El Hobbit, de Peter Jackson<\/p>\n\n\n\n<p><strong><mark style=\"background-color: rgba(0, 0, 0, 0); color: #e6613d;\">Cantante o grupo de m\u00fasica favorito:<\/mark><\/strong> actualmente, Manu Chao<\/p>\n\n\n\n<p><strong><mark style=\"background-color: rgba(0, 0, 0, 0); color: #e6613d;\">Superpoder que me gustar\u00eda tener:<\/mark><\/strong> viajar en el tiempo<\/p>\n\n\n\n<p><strong><mark style=\"background-color: rgba(0, 0, 0, 0); color: #e6613d;\">En Argentina, te llevar\u00eda a: <\/mark><\/strong>conocer las bellezas de la naturaleza como las Cataratas del Iguaz\u00fa, los mismos humedales, o los Esteros del Iber\u00e1, que tambi\u00e9n es un humedal y adem\u00e1s es patrimonio de la humanidad.<\/p>\n","protected":false},"excerpt":{"rendered":"<p>Rol en FIRE-ADAPT:&nbsp;investigadora y coorganizadora del Study Hub de Argentina Organizaci\u00f3n: Facultad de Ciencias H\u00eddricas, Universidad Nacional del Litoral (UNL) Pa\u00eds: Argentina Qu\u00e9 me motiv\u00f3 a unirme a FIRE-ADAPT Una de mis l\u00edneas de investigaci\u00f3n en la universidad es la incidencia del fuego en el humedal. Empezamos con el monitoreo de espacios quemados accidentalmente durante [&hellip;]<\/p>\n","protected":false},"author":1,"featured_media":3189,"comment_status":"open","ping_status":"closed","sticky":false,"template":"","format":"standard","meta":{"footnotes":""},"categories":[1],"tags":[],"class_list":["post-3177","post","type-post","status-publish","format-standard","has-post-thumbnail","hentry","category-sin-categorizar"],"_links":{"self":[{"href":"https:\/\/www.fireadapt.eu\/es\/wp-json\/wp\/v2\/posts\/3177","targetHints":{"allow":["GET"]}}],"collection":[{"href":"https:\/\/www.fireadapt.eu\/es\/wp-json\/wp\/v2\/posts"}],"about":[{"href":"https:\/\/www.fireadapt.eu\/es\/wp-json\/wp\/v2\/types\/post"}],"author":[{"embeddable":true,"href":"https:\/\/www.fireadapt.eu\/es\/wp-json\/wp\/v2\/users\/1"}],"replies":[{"embeddable":true,"href":"https:\/\/www.fireadapt.eu\/es\/wp-json\/wp\/v2\/comments?post=3177"}],"version-history":[{"count":7,"href":"https:\/\/www.fireadapt.eu\/es\/wp-json\/wp\/v2\/posts\/3177\/revisions"}],"predecessor-version":[{"id":3371,"href":"https:\/\/www.fireadapt.eu\/es\/wp-json\/wp\/v2\/posts\/3177\/revisions\/3371"}],"wp:featuredmedia":[{"embeddable":true,"href":"https:\/\/www.fireadapt.eu\/es\/wp-json\/wp\/v2\/media\/3189"}],"wp:attachment":[{"href":"https:\/\/www.fireadapt.eu\/es\/wp-json\/wp\/v2\/media?parent=3177"}],"wp:term":[{"taxonomy":"category","embeddable":true,"href":"https:\/\/www.fireadapt.eu\/es\/wp-json\/wp\/v2\/categories?post=3177"},{"taxonomy":"post_tag","embeddable":true,"href":"https:\/\/www.fireadapt.eu\/es\/wp-json\/wp\/v2\/tags?post=3177"}],"curies":[{"name":"wp","href":"https:\/\/api.w.org\/{rel}","templated":true}]}}