{"id":3248,"date":"2023-10-20T07:33:47","date_gmt":"2023-10-20T07:33:47","guid":{"rendered":"https:\/\/www.fireadapt.eu\/?p=3248"},"modified":"2023-10-26T14:06:03","modified_gmt":"2023-10-26T14:06:03","slug":"conoce-a-nuestros-socios-jacques-gignoux","status":"publish","type":"post","link":"https:\/\/www.fireadapt.eu\/es\/conoce-a-nuestros-socios-jacques-gignoux\/","title":{"rendered":"Conoce a nuestros socios: Jacques Gignoux"},"content":{"rendered":"\n<p><strong><mark style=\"background-color: rgba(0, 0, 0, 0); color: #567f3e;\">Rol en FIRE-ADAPT:&nbsp;<\/mark><\/strong>investigador  <\/p>\n\n\n\n<p><strong><mark style=\"background-color: rgba(0, 0, 0, 0); color: #567f3e;\">Organizaci\u00f3n:<\/mark><\/strong> <a href=\"https:\/\/www.sorbonne-universite.fr\/\" data-type=\"link\" data-id=\"https:\/\/www.sorbonne-universite.fr\/\" target=\"_blank\" rel=\"noreferrer noopener\">Sorbonne Universit\u00e9<\/a><\/p>\n\n\n\n<p><strong><mark style=\"background-color: rgba(0, 0, 0, 0); color: #567f3e;\">Pa\u00eds:<\/mark><\/strong> Francia<\/p>\n\n\n\n<p><mark style=\"background-color: rgba(0, 0, 0, 0); color: #567f3e;\"><strong>Qu\u00e9 me motiv\u00f3 a unirme a FIRE-ADAPT<\/strong><\/mark><\/p>\n\n\n\n<p>La posibilidad de hacer trabajo de campo en otro tipo de sistemas, distintos a con los que suelo trabajar y conozco muy bien. Trabajo en sabanas africanas, pero me interesaba ver qu\u00e9 sucede en otros ecosistemas propensos a los incendios. Sobre todo, me interesa la reacci\u00f3n de las plantas al fuego y sus adaptaciones al mismo, y quiero modelar esto para poder predecir el comportamiento de las poblaciones y comunidades a partir de rasgos y reacciones al fuego individualmente. As\u00ed, por ejemplo, se pueden tener algunos rasgos que har\u00e1n que una poblaci\u00f3n tenga cada a\u00f1o grandes eventos de reproducci\u00f3n o, por el contrario, peque\u00f1os eventos. Estos son completamente diferentes en t\u00e9rminos de la din\u00e1mica de la poblaci\u00f3n, pero se basan en rasgos individuales que se pueden medir en plantas individualmente.<\/p>\n\n\n\n<p><mark style=\"background-color: rgba(0, 0, 0, 0); color: #567f3e;\"><strong>Sobre mi <em>secondment<\/em> (estancia de trabajo) con el <a rel=\"noreferrer noopener\" href=\"https:\/\/www.ctfc.cat\/es\/?lang=en\" target=\"_blank\">CTFC<\/a> en Espa\u00f1a, durante el <a rel=\"noopener\" href=\"https:\/\/www.fireadapt.eu\/es\/study-hubs\/spain\/\" target=\"_blank\">el encuentro en su Study Hub<\/a><\/strong><\/mark><\/p>\n\n\n\n<p><mark style=\"background-color: rgba(0, 0, 0, 0); color: #e6613d;\"><strong>Cu\u00e1les fueron los objetivos de mi <em>secondment<\/em><\/strong><\/mark><\/p>\n\n\n\n<p>Fui para participar en el encuentro y hacer trabajo de campo en la zona. Tomamos muestras de algunas plantas y medimos rasgos particulares que nos dir\u00e1n si est\u00e1n adaptadas al fuego o a la herbivor\u00eda, o si simplemente compiten por la luz, como los \u00e1rboles del bosque. Estas son cosas que <a href=\"https:\/\/www.fireadapt.eu\/en\/meet-our-partners-tristan-charles-dominique\/\" target=\"_blank\" rel=\"noreferrer noopener\">Tristan-Charles Dominique<\/a> ha determinado para la regi\u00f3n de la sabana, es decir, la regi\u00f3n tropical, pero queremos ver c\u00f3mo cambia esto en la regi\u00f3n mediterr\u00e1nea.<\/p>\n\n\n\n<p><mark style=\"background-color: rgba(0, 0, 0, 0); color: #e6613d;\"><strong>De qu\u00e9 manera nos benefici\u00f3<\/strong><\/mark><\/p>\n\n\n\n<p>Ahora tenemos m\u00e1s datos sobre la ecolog\u00eda del fuego, y Tristan est\u00e1 haciendo el tipo de an\u00e1lisis que suele hacer. Estoy tratando de inferir procesos mecanicistas de contracci\u00f3n en respuesta al fuego y ponerlos en modelos. Para mi instituci\u00f3n significa m\u00e1s art\u00edculos.&nbsp;<\/p>\n\n\n\n<p><strong><mark style=\"background-color: rgba(0, 0, 0, 0); color: #e6613d;\">Que tienen de parecido y de diferente las realidades de incendios en Francia y Espa\u00f1a<\/mark><\/strong><\/p>\n\n\n\n<p>Creo que el problema en Francia y Espa\u00f1a es el mismo porque es el mismo tipo de ecosistema con vegetaci\u00f3n mediterr\u00e1nea, que es muy propensa a los incendios, especialmente los \u00e1rboles. Las sabanas africanas, donde trabajo, son diferentes porque los \u00e1rboles no se queman, solo la gran capa de hierba que hay. Los \u00e1rboles resisten el fuego incluso a frecuencias muy altas. La sabana se quema varias veces al a\u00f1o, pero los \u00e1rboles permanecen all\u00ed y crecen felices. Es completamente diferente, y por eso es interesante comparar.<\/p>\n\n\n\n<p><mark style=\"background-color: rgba(0, 0, 0, 0); color: #e6613d;\"><strong>Que me llam\u00f3 la atenci\u00f3n de Espa\u00f1a <\/strong><\/mark><\/p>\n\n\n\n<p>Descubr\u00ed que es muy boscosa, todo es bosque por todas partes y no me lo esperaba. Adem\u00e1s, Francia es plana, pero luego tienes los Pirineos. Esperaba que el lado espa\u00f1ol tambi\u00e9n fuera plano, pero no lo es en absoluto.<\/p>\n\n\n\n<p><mark style=\"background-color: rgba(0, 0, 0, 0); color: #567f3e;\"><strong>Este soy yo<\/strong>&nbsp;<\/mark><\/p>\n\n\n\n<p><strong><mark style=\"background-color: rgba(0, 0, 0, 0); color: #e6613d;\">Comida favorita:<\/mark><\/strong> la francesa<\/p>\n\n\n\n<p><strong><mark style=\"background-color: rgba(0, 0, 0, 0); color: #e6613d;\">G\u00e9nero de cine favorito:<\/mark><\/strong> anime japon\u00e9s<\/p>\n\n\n\n<p><strong><mark style=\"background-color: rgba(0, 0, 0, 0); color: #e6613d;\">G\u00e9nero de m\u00fasica favorito:<\/mark><\/strong> m\u00fasica cl\u00e1sica<\/p>\n\n\n\n<p><strong><mark style=\"background-color: rgba(0, 0, 0, 0); color: #e6613d;\">En Francia, te llevar\u00eda a: <\/mark><\/strong>el Mont Saint-Michel<\/p>\n","protected":false},"excerpt":{"rendered":"<p>Rol en FIRE-ADAPT:&nbsp;investigador Organizaci\u00f3n: Sorbonne Universit\u00e9 Pa\u00eds: Francia Qu\u00e9 me motiv\u00f3 a unirme a FIRE-ADAPT La posibilidad de hacer trabajo de campo en otro tipo de sistemas, distintos a con los que suelo trabajar y conozco muy bien. Trabajo en sabanas africanas, pero me interesaba ver qu\u00e9 sucede en otros ecosistemas propensos a los incendios. [&hellip;]<\/p>\n","protected":false},"author":1,"featured_media":3316,"comment_status":"open","ping_status":"closed","sticky":false,"template":"","format":"standard","meta":{"footnotes":""},"categories":[1],"tags":[],"class_list":["post-3248","post","type-post","status-publish","format-standard","has-post-thumbnail","hentry","category-sin-categorizar"],"_links":{"self":[{"href":"https:\/\/www.fireadapt.eu\/es\/wp-json\/wp\/v2\/posts\/3248","targetHints":{"allow":["GET"]}}],"collection":[{"href":"https:\/\/www.fireadapt.eu\/es\/wp-json\/wp\/v2\/posts"}],"about":[{"href":"https:\/\/www.fireadapt.eu\/es\/wp-json\/wp\/v2\/types\/post"}],"author":[{"embeddable":true,"href":"https:\/\/www.fireadapt.eu\/es\/wp-json\/wp\/v2\/users\/1"}],"replies":[{"embeddable":true,"href":"https:\/\/www.fireadapt.eu\/es\/wp-json\/wp\/v2\/comments?post=3248"}],"version-history":[{"count":4,"href":"https:\/\/www.fireadapt.eu\/es\/wp-json\/wp\/v2\/posts\/3248\/revisions"}],"predecessor-version":[{"id":3318,"href":"https:\/\/www.fireadapt.eu\/es\/wp-json\/wp\/v2\/posts\/3248\/revisions\/3318"}],"wp:featuredmedia":[{"embeddable":true,"href":"https:\/\/www.fireadapt.eu\/es\/wp-json\/wp\/v2\/media\/3316"}],"wp:attachment":[{"href":"https:\/\/www.fireadapt.eu\/es\/wp-json\/wp\/v2\/media?parent=3248"}],"wp:term":[{"taxonomy":"category","embeddable":true,"href":"https:\/\/www.fireadapt.eu\/es\/wp-json\/wp\/v2\/categories?post=3248"},{"taxonomy":"post_tag","embeddable":true,"href":"https:\/\/www.fireadapt.eu\/es\/wp-json\/wp\/v2\/tags?post=3248"}],"curies":[{"name":"wp","href":"https:\/\/api.w.org\/{rel}","templated":true}]}}