{"id":4373,"date":"2024-05-22T09:58:19","date_gmt":"2024-05-22T09:58:19","guid":{"rendered":"https:\/\/www.fireadapt.eu\/?p=4373"},"modified":"2026-02-24T14:06:20","modified_gmt":"2026-02-24T14:06:20","slug":"estudiar-la-relacion-entre-biodiversidad-y-fuego","status":"publish","type":"post","link":"https:\/\/www.fireadapt.eu\/es\/estudiar-la-relacion-entre-biodiversidad-y-fuego\/","title":{"rendered":"Estudiar la relaci\u00f3n entre biodiversidad y fuego. Entrevista con Tristan Charles Dominique."},"content":{"rendered":"\n<p><a href=\"https:\/\/iees-paris.fr\/annuaire\/charles-dominique-tristan\/\" target=\"_blank\" rel=\"noreferrer noopener\">Tristan Charles Dominique<\/a> es investigador en el Institut d\u2019\u00e9cologie et des sciences de l\u2019environment de Paris (iEES Paris). Junto con <a href=\"https:\/\/www.udg.edu\/ca\/directori\/pagina-personal?ID=52720&amp;language=en-US\" target=\"_blank\" rel=\"noreferrer noopener\">Pere Pons<\/a>, de la Universidad de Girona, colidera el \u00e1rea especializada (<em>work package<\/em>) de FIRE-ADAPT denominada \u201cConservaci\u00f3n de la biodiversidad\u201d. En esta entrevista explica de qu\u00e9 trata esta \u00e1rea de trabajo.<\/p>\n\n\n\n<figure class=\"wp-block-image size-large is-resized\"><img fetchpriority=\"high\" decoding=\"async\" width=\"1024\" height=\"768\" src=\"https:\/\/www.fireadapt.eu\/wp-content\/uploads\/2024\/05\/IMG_6722-1024x768.jpeg\" alt=\"\" class=\"wp-image-4356\" style=\"width:400px\" srcset=\"https:\/\/www.fireadapt.eu\/wp-content\/uploads\/2024\/05\/IMG_6722-1024x768.jpeg 1024w, https:\/\/www.fireadapt.eu\/wp-content\/uploads\/2024\/05\/IMG_6722-300x225.jpeg 300w, https:\/\/www.fireadapt.eu\/wp-content\/uploads\/2024\/05\/IMG_6722-768x576.jpeg 768w, https:\/\/www.fireadapt.eu\/wp-content\/uploads\/2024\/05\/IMG_6722-1536x1152.jpeg 1536w, https:\/\/www.fireadapt.eu\/wp-content\/uploads\/2024\/05\/IMG_6722.jpeg 1920w\" sizes=\"(max-width: 1024px) 100vw, 1024px\" \/><figcaption class=\"wp-element-caption\">Tristan Charles Dominique (iEES Paris) observando las caracter\u00edsticas de las plantas en un bosque gestionado por la comunidad Santiago Xiacui, en M\u00e9xico.<\/figcaption><\/figure>\n\n\n\n<p><strong><mark style=\"background-color:rgba(0, 0, 0, 0);color:#567f3e\" class=\"has-inline-color\">\u00bfCu\u00e1l es el objetivo del \u00e1rea de trabajo dos &#8211; \u201cConservaci\u00f3n de la biodiversidad\u201d?<\/mark><\/strong><\/p>\n\n\n\n<p>Recientemente, existe un reconocimiento cada vez mayor de que el fuego no es necesariamente malo para la diversidad. Algunos incendios forestales han existido antes que los seres vivos. Los incendios forestales pueden da\u00f1ar la diversidad en algunos sistemas, pero tambi\u00e9n pueden ser necesarios para la diversidad en otros, y sabemos muy poco al respecto. Nuestra \u00e1rea de trabajo est\u00e1 recopilando y sintetizando toda la informaci\u00f3n sobre este tema. Tambi\u00e9n estamos generando pautas para reconocer si la diversidad de un sistema podr\u00eda beneficiarse del fuego.<\/p>\n\n\n\n<p><strong><mark style=\"background-color:rgba(0, 0, 0, 0);color:#567f3e\" class=\"has-inline-color\">\u00bfQu\u00e9 esper\u00e1is ver?<\/mark><\/strong><\/p>\n\n\n\n<p>Como investigadores estudiando el fuego, muchas personas nos preguntan \u00ab\u00bfes bueno o malo?\u00bb, y \u00e9sta suele ser una pregunta que no podemos responder. Podemos decir que el fuego promueve o degrada parte de la diversidad, y este es un aspecto m\u00e1s a considerar cuando se quiere utilizar el fuego para gestionar el paisaje. Nuestro inter\u00e9s por los efectos positivos del fuego no significa que queramos promoverlo incondicionalmente. Lo que queremos es proporcionar argumentos que, junto con muchos otros argumentos, como si supone un riesgo para las personas o los bosques, podamos utilizar para tomar decisiones que tengan en cuenta la diversidad.<\/p>\n\n\n\n<p>Por ejemplo, podr\u00eda darse el caso de que se pierda diversidad si se elimina el fuego de algunas partes del paisaje. Entonces, hay que considerar este aspecto en su plan de gesti\u00f3n. No significa que el fuego sea bueno o malo, s\u00f3lo significa que se van a perder algunos componentes del paisaje.<\/p>\n\n\n\n<p><strong><mark style=\"background-color:rgba(0, 0, 0, 0);color:#567f3e\" class=\"has-inline-color\"><strong><mark style=\"background-color:rgba(0, 0, 0, 0);color:#567f3e\" class=\"has-inline-color\">\u00bfC\u00f3mo se estudia la relaci\u00f3n entre biodiversidad y fuego?<\/mark><\/strong><\/mark><\/strong><\/p>\n\n\n\n<p>En el \u00e1rea de trabajo \u201cConservaci\u00f3n de la biodiversidad\u201d hay especialistas en plantas, mam\u00edferos, aves, insectos y microorganismos. Mi especialidad son las plantas, y algo \u00fanico de ellas es que no pueden desplazarse, por lo que est\u00e1n sujetas a las condiciones ambientales. Si \u00e9stas son buenas, todo en orden. Si no, las plantas no pueden huir buscando mejores condiciones. En el caso de un incendio, si les llega, tienen que lidiar con \u00e9l.<\/p>\n\n\n\n<p>Muchas plantas pueden provocar fuego porque son inflamables, como las especies de pinos cuyas hojas (ac\u00edculas) arden en el suelo o los pastos de la sabana. Nuestra primera pregunta sobre las plantas es cu\u00e1les pueden hacer esto.<\/p>\n\n\n\n<p>La segunda pregunta es qu\u00e9 especies pueden sobrevivir al fuego y c\u00f3mo lo hacen. \u00bfEs porque resisten las llamas? \u00bfSe esconden de ellas bajo tierra? \u00bfCrecen en lugares donde las llamas no pueden perturbarlas?<\/p>\n\n\n\n<p>La \u00faltima pregunta, y muy importante para nosotros, es cu\u00e1l de estas especies necesita luz. Cuando el fuego es frecuente, abre el sistema, proporcionando luz a todos los organismos. Muchas de las especies que aman el fuego tambi\u00e9n odian la sombra. Esto significa que, si se elimina el fuego, el efecto a largo plazo es la p\u00e9rdida de estas especies.<\/p>\n\n\n\n<p><strong><mark style=\"background-color:rgba(0, 0, 0, 0);color:#567f3e\" class=\"has-inline-color\"><strong><mark style=\"background-color:rgba(0, 0, 0, 0);color:#567f3e\" class=\"has-inline-color\">Un ejemplo de un rasgo que estudiais para investigar la relaci\u00f3n entre las plantas y el fuego<\/mark><\/strong><\/mark><\/strong><\/p>\n\n\n\n<p>El ejemplo m\u00e1s conocido de informaci\u00f3n que nos dice si las plantas se adaptan o no a una frecuencia determinada de incendios es el grosor de su corteza. Por cierto, el corcho que se utiliza para cerrar las botellas de vino se extrae directamente de la corteza de una especie de \u00e1rbol adaptada al fuego que produce mucha corteza (el alcornoque, <em>Quercus suber<\/em>). La verdadera pregunta es c\u00f3mo de r\u00e1pido se produce esta corteza (la tasa de producci\u00f3n de corteza). Podemos calcularla conociendo el grosor de la corteza y la edad del \u00e1rbol.<\/p>\n\n\n\n<p>La tasa de producci\u00f3n de corteza indica qu\u00e9 tan r\u00e1pido una planta se puede proteger contra el primer incendio al que se enfrentar\u00e1. Por ejemplo, si necesita cinco a\u00f1os para producir su corteza y ser capaz de sobrevivir a un incendio, lo m\u00e1s probable es que los incendios en el sistema donde ha evolucionado ocurran cada cinco a\u00f1os o m\u00e1s. Si hubiera incendios con mayor frecuencia, esta especie morir\u00eda.<\/p>\n\n\n\n<figure class=\"wp-block-image size-large is-resized\"><img decoding=\"async\" width=\"1024\" height=\"689\" src=\"https:\/\/www.fireadapt.eu\/wp-content\/uploads\/2024\/05\/Tree-bark-thickness-across-the-globe_Ecology-letters-1024x689.jpg\" alt=\"\" class=\"wp-image-4358\" style=\"width:400px\" srcset=\"https:\/\/www.fireadapt.eu\/wp-content\/uploads\/2024\/05\/Tree-bark-thickness-across-the-globe_Ecology-letters-1024x689.jpg 1024w, https:\/\/www.fireadapt.eu\/wp-content\/uploads\/2024\/05\/Tree-bark-thickness-across-the-globe_Ecology-letters-300x202.jpg 300w, https:\/\/www.fireadapt.eu\/wp-content\/uploads\/2024\/05\/Tree-bark-thickness-across-the-globe_Ecology-letters-768x517.jpg 768w, https:\/\/www.fireadapt.eu\/wp-content\/uploads\/2024\/05\/Tree-bark-thickness-across-the-globe_Ecology-letters.jpg 1150w\" sizes=\"(max-width: 1024px) 100vw, 1024px\" \/><figcaption class=\"wp-element-caption\">Imagen que muestra c\u00f3mo var\u00eda el grosor de la corteza de los \u00e1rboles en todo el mundo. De <a href=\"https:\/\/onlinelibrary.wiley.com\/doi\/10.1111\/ele.12725\" target=\"_blank\" rel=\"noreferrer noopener\">Pellegrini <em>et al<\/em>., 2017.<\/a><\/figcaption><\/figure>\n\n\n\n<p><strong><mark style=\"background-color:rgba(0, 0, 0, 0);color:#567f3e\" class=\"has-inline-color\"><strong><mark style=\"background-color:rgba(0, 0, 0, 0);color:#567f3e\" class=\"has-inline-color\">\u00bfC\u00f3mo se relaciona vuestra investigaci\u00f3n de FIRE-ADAPT con las otras \u00e1reas especializadas del proyecto?<\/mark><\/strong><\/mark><\/strong><\/p>\n\n\n\n<p>Cuando hablamos de biodiversidad, como bi\u00f3logos pensamos en t\u00e9rminos de \u201cciencia dura\u201d (n\u00famero de especies, c\u00f3mo funcionan los ecosistemas, etc.), pero el aspecto social es muy importante: c\u00f3mo la definimos, la percibimos y la valoramos. Un buen ejemplo son las \u00abespecies bandera\u00bb. Si piensas en conservaci\u00f3n de la biodiversidad en t\u00e9rminos generales, lo m\u00e1s probable es que te venga a la mente un oso polar. Resulta que el oso polar por s\u00ed solo es un contribuyente menor a su ecosistema porque es un depredador superior. Sin embargo, nos identificamos con \u00e9l porque es un animal carism\u00e1tico que motiva a las personas a actuar. En los sistemas dependientes del fuego, \u00bfc\u00f3mo podr\u00edamos elegir la especie bandera?, la especies dependiente del fuego que conmoviera a las personas y pudieran decir \u00aboh, s\u00ed, claro, esta especie es importante\u201d. En este sentido, nos ayudan los soci\u00f3logos del \u00e1rea de trabajo tres &#8211; \u201cServicios (inter)culturales y bienestar humano\u201d para guiarnos en la definici\u00f3n de la diversidad.<\/p>\n\n\n\n<p>Tambi\u00e9n trabajamos con colegas en el \u00e1rea de trabajo cuatro \u2013 \u201cModelizaci\u00f3n y pron\u00f3stico\u201d, a quienes enviamos los datos que recopilamos y con quienes construimos modelos de escenarios gestionados de manera diferente, y en el \u00e1rea de trabajo uno \u2013 \u201cDin\u00e1mica del carbono\u201d, ya que la diversidad y el carbono est\u00e1n fusionados. No se puede entender uno sin el otro.<\/p>\n\n\n\n<p><strong><mark style=\"background-color:rgba(0, 0, 0, 0);color:#567f3e\" class=\"has-inline-color\"><strong><mark style=\"background-color:rgba(0, 0, 0, 0);color:#567f3e\" class=\"has-inline-color\">\u00bfQu\u00e9 generar\u00e1 esta \u00e1rea de trabajo?<\/mark><\/strong><\/mark><\/strong><\/p>\n\n\n\n<p>Haremos un repaso de la diversidad asociada al fuego, accesible tanto para cient\u00edficos como para no cient\u00edficos, explicando que parte de la diversidad puede depender del fuego y parte puede ser sensible a \u00e9l, y que, por tanto, la gesti\u00f3n integral del fuego tiene que incluir el uso del fuego para promover la biodiversidad. Esto es dif\u00edcil porque la idea de quemar para la diversidad es nueva y plantea muchas preguntas sobre d\u00f3nde y c\u00f3mo quemar, cu\u00e1l es el estado deseado que queremos alcanzar y cu\u00e1l ser\u00e1 el resultado.<\/p>\n\n\n\n<p>Tambi\u00e9n elaboraremos y compartiremos protocolos para estudiar la diversidad en t\u00e9rminos de fuego. El fuego se estructura en el espacio y el tiempo de forma diferente a otros factores ambientales que estamos acostumbrados a considerar. Por tanto, los procedimientos para obtener los datos que buscamos deben adaptarse a los objetivos de nuestra investigaci\u00f3n. Nuestra idea es hacer que estos protocolos sean accesibles para investigadores y operativos y estandarizados, para que puedan aplicarse en cualquier parte del mundo. De esta manera, podemos comparar la ciencia y brindar una perspectiva m\u00e1s global sobre cu\u00e1l es la diversidad asociada al fuego.<\/p>\n\n\n\n<figure class=\"wp-block-image size-full is-resized\"><img decoding=\"async\" width=\"148\" height=\"234\" src=\"https:\/\/www.fireadapt.eu\/wp-content\/uploads\/2024\/05\/Handroatnthus-ochraceus-after-a-wildfire_Chiminazzo-et-al_2023_AoB-Plants-e1716294734827.jpg\" alt=\"\" class=\"wp-image-4360\" style=\"width:auto;height:300px\"\/><figcaption class=\"wp-element-caption\"><em>Handroanthus ochraceus<\/em> rebrotando despu\u00e9s de un incendio en el Cerrado, Brasil. De <a href=\"https:\/\/academic.oup.com\/aobpla\/article\/15\/3\/plad029\/7176099\" target=\"_blank\" rel=\"noreferrer noopener\">Chiminazzo <em>et al.<\/em> 2023<\/a>.<\/figcaption><\/figure>\n\n\n\n<p><strong><mark style=\"background-color:rgba(0, 0, 0, 0);color:#567f3e\" class=\"has-inline-color\"><strong><mark style=\"background-color:rgba(0, 0, 0, 0);color:#567f3e\" class=\"has-inline-color\">\u00bfCu\u00e1les son las pr\u00f3ximas actividades en las que participas que te gustar\u00eda destacar?<\/mark><\/strong><\/mark><\/strong><\/p>\n\n\n\n<p>En t\u00e9rminos del \u00e1rea de trabajo dos, Pere Pons y yo impartiremos un taller en el <a href=\"https:\/\/www.fireadapt.eu\/es\/study-hubs\/brazil\/\" target=\"_blank\" rel=\"noreferrer noopener\">Study Hub de Brasil<\/a>, en junio, para intercambiar y proponer m\u00e9todos estandarizados para estudiar y monitorizar la diversidad. Mientras estemos en Brasil, tambi\u00e9n realizaremos trabajo de campo para recopilar datos y aprender sobre la percepci\u00f3n p\u00fablica de la biodiversidad dependiente del fuego.<\/p>\n\n\n\n<p>Y en cuanto al <a href=\"https:\/\/www.fireadapt.eu\/es\/study-hubs\/france\/\" target=\"_blank\" rel=\"noreferrer noopener\">Study Hub de Francia<\/a>, todos los coorganizadores estamos planificando las actividades del consorcio que se llevar\u00e1n a cabo a principios de 2025. Nos gustar\u00eda mostrar d\u00f3nde el fuego es una historia de \u00e9xito en Francia, pero no ser\u00eda representativo del panorama general. En algunas zonas del Pirineo los incendios de baja intensidad forman parte del paisaje. No le da miedo a la gente porque lo manejan, y la gente lo valora por la diversidad que proporciona y por c\u00f3mo puede ayudar a renovar los pastos. Pero en la mayor\u00eda de los lugares de Francia no existen quemas prescritas a gran escala, la gente tiene miedo al fuego y hay acciones para demostrar que el fuego es malo para la diversidad. Cerca de donde vivo ahora, el fuego ha sido completamente excluido del paisaje. Hemos observado en los \u00faltimos 50 a\u00f1os un cierre y una homogeneizaci\u00f3n muy importante de la vegetaci\u00f3n, y es algo que creo que tambi\u00e9n vale la pena decir, qu\u00e9 sucede cuando eliminamos por completo el fuego y c\u00f3mo podr\u00eda afectar a la diversidad a largo plazo.<\/p>\n","protected":false},"excerpt":{"rendered":"<p>Tristan Charles Dominique es investigador en el Institut d\u2019\u00e9cologie et des sciences de l\u2019environment de Paris (iEES Paris). Junto con Pere Pons, de la Universidad de Girona, colidera el \u00e1rea especializada (work package) de FIRE-ADAPT denominada \u201cConservaci\u00f3n de la biodiversidad\u201d. En esta entrevista explica de qu\u00e9 trata esta \u00e1rea de trabajo. \u00bfCu\u00e1l es el objetivo [&hellip;]<\/p>\n","protected":false},"author":1,"featured_media":4357,"comment_status":"closed","ping_status":"closed","sticky":false,"template":"","format":"standard","meta":{"footnotes":""},"categories":[1],"tags":[],"class_list":["post-4373","post","type-post","status-publish","format-standard","has-post-thumbnail","hentry","category-sin-categorizar"],"_links":{"self":[{"href":"https:\/\/www.fireadapt.eu\/es\/wp-json\/wp\/v2\/posts\/4373","targetHints":{"allow":["GET"]}}],"collection":[{"href":"https:\/\/www.fireadapt.eu\/es\/wp-json\/wp\/v2\/posts"}],"about":[{"href":"https:\/\/www.fireadapt.eu\/es\/wp-json\/wp\/v2\/types\/post"}],"author":[{"embeddable":true,"href":"https:\/\/www.fireadapt.eu\/es\/wp-json\/wp\/v2\/users\/1"}],"replies":[{"embeddable":true,"href":"https:\/\/www.fireadapt.eu\/es\/wp-json\/wp\/v2\/comments?post=4373"}],"version-history":[{"count":2,"href":"https:\/\/www.fireadapt.eu\/es\/wp-json\/wp\/v2\/posts\/4373\/revisions"}],"predecessor-version":[{"id":5648,"href":"https:\/\/www.fireadapt.eu\/es\/wp-json\/wp\/v2\/posts\/4373\/revisions\/5648"}],"wp:featuredmedia":[{"embeddable":true,"href":"https:\/\/www.fireadapt.eu\/es\/wp-json\/wp\/v2\/media\/4357"}],"wp:attachment":[{"href":"https:\/\/www.fireadapt.eu\/es\/wp-json\/wp\/v2\/media?parent=4373"}],"wp:term":[{"taxonomy":"category","embeddable":true,"href":"https:\/\/www.fireadapt.eu\/es\/wp-json\/wp\/v2\/categories?post=4373"},{"taxonomy":"post_tag","embeddable":true,"href":"https:\/\/www.fireadapt.eu\/es\/wp-json\/wp\/v2\/tags?post=4373"}],"curies":[{"name":"wp","href":"https:\/\/api.w.org\/{rel}","templated":true}]}}