{"id":4751,"date":"2025-02-21T09:18:38","date_gmt":"2025-02-21T09:18:38","guid":{"rendered":"https:\/\/www.fireadapt.eu\/?p=4751"},"modified":"2025-02-21T09:18:39","modified_gmt":"2025-02-21T09:18:39","slug":"study-hub-de-francia-pastoralismo-y-quemas-prescritas","status":"publish","type":"post","link":"https:\/\/www.fireadapt.eu\/es\/study-hub-de-francia-pastoralismo-y-quemas-prescritas\/","title":{"rendered":"Study Hub de Francia: pastoralismo y quemas prescritas"},"content":{"rendered":"\n<p>El cuarto <em>Study Hub<\/em> de FIRE-ADAPT se celebr\u00f3 en Francia del 20 de enero al 1 de febrero de 2025. El evento, organizado por <a href=\"https:\/\/www.warucene.com\/\" target=\"_blank\" rel=\"noreferrer noopener\">Warucene<\/a> en colaboraci\u00f3n con el <a href=\"https:\/\/www.ird.fr\/\" target=\"_blank\" rel=\"noreferrer noopener\">IRD<\/a>, la <a href=\"https:\/\/www.sorbonne-universite.fr\/en?field_date_passed=2020\/08\/13\" target=\"_blank\" rel=\"noreferrer noopener\">Universidad Sorbonne<\/a> y el <a href=\"https:\/\/www.cnrs.fr\/en\/the-cnrs\" target=\"_blank\" rel=\"noreferrer noopener\">CNRS<\/a>, reuni\u00f3 a socios del proyecto de Francia, Italia, Espa\u00f1a y el Reino Unido a fin de conocer acciones de Manejo Integral del Fuego (MIF) que se est\u00e1n llevando a cabo en las regiones de los Alpes Mar\u00edtimos, Occitania y Pirineos Orientales.<\/p>\n\n\n\n<p>A lo largo de las dos semanas, el <em>Study Hub<\/em> de Francia acogi\u00f3 salidas de campo, reuniones y presentaciones de iniciativas con m\u00e1s de 60 actores locales, y talleres para avanzar en la consecuci\u00f3n de resultados del proyecto. Todo ello, en diferentes escenarios para tener una visi\u00f3n completa de los riesgos, desaf\u00edos y estrategias de gesti\u00f3n del paisaje, particularmente en lo que al pastoralismo y uso del fuego se refiere.<\/p>\n\n\n\n<p>El <em>Study Hub<\/em> de Francia se dividi\u00f3 en tres etapas:<\/p>\n\n\n\n<p>La regi\u00f3n de los <strong>Alpes Mar\u00edtimos<\/strong> fue la primera etapa (del 20 al 26 de enero). A partir de las explicaciones de pastores, gestores del territorio y operativos, se abord\u00f3 la relaci\u00f3n entre pastoreo y prevenci\u00f3n de incendios, la gesti\u00f3n y normative de las quemas prescritas, la situaci\u00f3n y red en Francia alrededor del MIF, as\u00ed como la gesti\u00f3n del paisaje en un \u00e1rea protegida como el <a href=\"https:\/\/provence-alpes-cotedazur.com\/en\/get-inspired\/natural-areas\/regional-natural-parks\/prealpes-azur\/\" target=\"_blank\" rel=\"noreferrer noopener\">Parque Natural Regional de Pr\u00e9alpes d\u2019Azur<\/a>. La salida de campo a Coursegoules, donde se realizan quemas prescritas para mejorar el pasto y controlar la retama plateada (<em>Genista cinerea<\/em>) y el falso bromo (<em>Brachypodium pinnatum<\/em>), fue una manera de constatar que las quemas prescritas se utilizan principalmente para la mejora del pasto, y no tanto para reducir la vegetaci\u00f3n del sotobosque.<\/p>\n\n\n\n<p>\u201cVemos las quemas prescritas a trav\u00e9s del prisma del pastoralismo. Son un m\u00e9todo interesante para el territorio para mantener espacios abiertos para que los ganaderos puedan disponer de pasto para sus reba\u00f1os\u201d, coment\u00f3 Marie Goutier, de la asociaci\u00f3n <a href=\"https:\/\/cerpam.com\/\">CERPAM<\/a> que intenta tambi\u00e9n concienciar a la sociedad sobre la necesidad de las quemas.<\/p>\n\n\n\n<figure class=\"wp-block-gallery has-nested-images columns-default is-cropped wp-block-gallery-1 is-layout-flex wp-block-gallery-is-layout-flex\">\n<figure class=\"wp-block-image size-large\"><img fetchpriority=\"high\" decoding=\"async\" width=\"455\" height=\"252\" data-id=\"4754\" src=\"https:\/\/www.fireadapt.eu\/wp-content\/uploads\/2025\/02\/Marie-1.png\" alt=\"\" class=\"wp-image-4754\" srcset=\"https:\/\/www.fireadapt.eu\/wp-content\/uploads\/2025\/02\/Marie-1.png 455w, https:\/\/www.fireadapt.eu\/wp-content\/uploads\/2025\/02\/Marie-1-300x166.png 300w\" sizes=\"(max-width: 455px) 100vw, 455px\" \/><figcaption class=\"wp-element-caption\">Marie Goutier (CERPAM), derecha, en un momento de sus explicaciones en Coursegoules.<\/figcaption><\/figure>\n\n\n\n<figure class=\"wp-block-image size-large\"><img decoding=\"async\" width=\"1024\" height=\"768\" data-id=\"4760\" src=\"https:\/\/www.fireadapt.eu\/wp-content\/uploads\/2025\/02\/Ginesta-alps-pirineus-1-1024x768.jpg\" alt=\"\" class=\"wp-image-4760\" srcset=\"https:\/\/www.fireadapt.eu\/wp-content\/uploads\/2025\/02\/Ginesta-alps-pirineus-1-1024x768.jpg 1024w, https:\/\/www.fireadapt.eu\/wp-content\/uploads\/2025\/02\/Ginesta-alps-pirineus-1-300x225.jpg 300w, https:\/\/www.fireadapt.eu\/wp-content\/uploads\/2025\/02\/Ginesta-alps-pirineus-1-768x576.jpg 768w, https:\/\/www.fireadapt.eu\/wp-content\/uploads\/2025\/02\/Ginesta-alps-pirineus-1-1536x1152.jpg 1536w, https:\/\/www.fireadapt.eu\/wp-content\/uploads\/2025\/02\/Ginesta-alps-pirineus-1.jpg 1600w\" sizes=\"(max-width: 1024px) 100vw, 1024px\" \/><figcaption class=\"wp-element-caption\">Quema realizada para controlar la <em>Genista cinerea<\/em> y mantener pastos.<\/figcaption><\/figure>\n<\/figure>\n\n\n\n<p>Todav\u00eda en Coursegoules se puso a prueba el protocolo de FIRE-ADAPT descrito en el WP1, para cuantificar la din\u00e1mica del carbono en la quema prescrita mediante la recopilaci\u00f3n de datos de tres parcelas en diferentes condiciones: antes de la quema, poco despu\u00e9s de la quema y durante un estado de tiempo intermedio. La tem\u00e1tica de la din\u00e1mica del carbono, junto a las tem\u00e1ticas de conservaci\u00f3n de la biodiversidad (WP2) y servicios (inter)culturales y bienestar (WP3) se debatieron con diferentes actores locales para recoger su visi\u00f3n y experiencia.<\/p>\n\n\n\n<figure class=\"wp-block-gallery has-nested-images columns-default is-cropped wp-block-gallery-2 is-layout-flex wp-block-gallery-is-layout-flex\">\n<figure class=\"wp-block-image size-large\"><img decoding=\"async\" width=\"1024\" height=\"766\" data-id=\"4764\" src=\"https:\/\/www.fireadapt.eu\/wp-content\/uploads\/2025\/02\/Transectos-1024x766.jpg\" alt=\"\" class=\"wp-image-4764\" srcset=\"https:\/\/www.fireadapt.eu\/wp-content\/uploads\/2025\/02\/Transectos-1024x766.jpg 1024w, https:\/\/www.fireadapt.eu\/wp-content\/uploads\/2025\/02\/Transectos-300x224.jpg 300w, https:\/\/www.fireadapt.eu\/wp-content\/uploads\/2025\/02\/Transectos-768x574.jpg 768w, https:\/\/www.fireadapt.eu\/wp-content\/uploads\/2025\/02\/Transectos-1536x1149.jpg 1536w, https:\/\/www.fireadapt.eu\/wp-content\/uploads\/2025\/02\/Transectos.jpg 2000w\" sizes=\"(max-width: 1024px) 100vw, 1024px\" \/><figcaption class=\"wp-element-caption\">Recopilaci\u00f3n de datos en una parcela recientemente quemada para cuantificar la din\u00e1mica del carbono.<\/figcaption><\/figure>\n\n\n\n<figure class=\"wp-block-image size-large\"><img loading=\"lazy\" decoding=\"async\" width=\"1024\" height=\"768\" data-id=\"4766\" src=\"https:\/\/www.fireadapt.eu\/wp-content\/uploads\/2025\/02\/debates-1024x768.jpg\" alt=\"\" class=\"wp-image-4766\" srcset=\"https:\/\/www.fireadapt.eu\/wp-content\/uploads\/2025\/02\/debates-1024x768.jpg 1024w, https:\/\/www.fireadapt.eu\/wp-content\/uploads\/2025\/02\/debates-300x225.jpg 300w, https:\/\/www.fireadapt.eu\/wp-content\/uploads\/2025\/02\/debates-768x576.jpg 768w, https:\/\/www.fireadapt.eu\/wp-content\/uploads\/2025\/02\/debates-1536x1152.jpg 1536w, https:\/\/www.fireadapt.eu\/wp-content\/uploads\/2025\/02\/debates.jpg 1600w\" sizes=\"(max-width: 1024px) 100vw, 1024px\" \/><figcaption class=\"wp-element-caption\">Grupo de debate sobre la tem\u00e1tica de conservaci\u00f3n de la biodiversidad.<\/figcaption><\/figure>\n<\/figure>\n\n\n\n<p>Finalmente, en esta primera etapa se llevaron a cabo dos visitas de campo m\u00e1s: en St. Bernab\u00e9, una zona en la que el turismo est\u00e1 arrinconando la agricultura y la ganader\u00eda, y donde se constata la dificultad y esfuerzo por educar a la poblaci\u00f3n sobre el uso del fuego a pesar de que siempre se han llevado a cabo quemas prescritas; y al incendio forestal de Saint C\u00e9zaire de 2015 para conocer dos enfoques de regeneraci\u00f3n diferentes: plantaci\u00f3n de diferentes especies de \u00e1rboles en el \u00e1rea de propiedad privada y de solo cedros en el \u00e1rea p\u00fablica. Ambas propuestas con objetivos de explotaci\u00f3n econ\u00f3mica.<\/p>\n\n\n\n<figure class=\"wp-block-gallery has-nested-images columns-default is-cropped wp-block-gallery-3 is-layout-flex wp-block-gallery-is-layout-flex\">\n<figure class=\"wp-block-image size-large\"><img loading=\"lazy\" decoding=\"async\" width=\"1024\" height=\"768\" data-id=\"4770\" src=\"https:\/\/www.fireadapt.eu\/wp-content\/uploads\/2025\/02\/Saint-Bernabe-1024x768.jpeg\" alt=\"\" class=\"wp-image-4770\" srcset=\"https:\/\/www.fireadapt.eu\/wp-content\/uploads\/2025\/02\/Saint-Bernabe-1024x768.jpeg 1024w, https:\/\/www.fireadapt.eu\/wp-content\/uploads\/2025\/02\/Saint-Bernabe-300x225.jpeg 300w, https:\/\/www.fireadapt.eu\/wp-content\/uploads\/2025\/02\/Saint-Bernabe-768x576.jpeg 768w, https:\/\/www.fireadapt.eu\/wp-content\/uploads\/2025\/02\/Saint-Bernabe-1536x1152.jpeg 1536w, https:\/\/www.fireadapt.eu\/wp-content\/uploads\/2025\/02\/Saint-Bernabe.jpeg 1920w\" sizes=\"(max-width: 1024px) 100vw, 1024px\" \/><figcaption class=\"wp-element-caption\">St. Bernab\u00e9, \u00e1rea donde tradicionalmente se llevan a cabo quemas prescritas<\/figcaption><\/figure>\n\n\n\n<figure class=\"wp-block-image size-large\"><img loading=\"lazy\" decoding=\"async\" width=\"1024\" height=\"768\" data-id=\"4772\" src=\"https:\/\/www.fireadapt.eu\/wp-content\/uploads\/2025\/02\/Saint-Cezaire-1024x768.jpg\" alt=\"\" class=\"wp-image-4772\" srcset=\"https:\/\/www.fireadapt.eu\/wp-content\/uploads\/2025\/02\/Saint-Cezaire-1024x768.jpg 1024w, https:\/\/www.fireadapt.eu\/wp-content\/uploads\/2025\/02\/Saint-Cezaire-300x225.jpg 300w, https:\/\/www.fireadapt.eu\/wp-content\/uploads\/2025\/02\/Saint-Cezaire-768x576.jpg 768w, https:\/\/www.fireadapt.eu\/wp-content\/uploads\/2025\/02\/Saint-Cezaire-1536x1152.jpg 1536w, https:\/\/www.fireadapt.eu\/wp-content\/uploads\/2025\/02\/Saint-Cezaire.jpg 1600w\" sizes=\"(max-width: 1024px) 100vw, 1024px\" \/><figcaption class=\"wp-element-caption\">Incendio de Saint C\u00e9zaire. como ejemplo de reforestaci\u00f3n con fines de explotaci\u00f3n de recursos.<\/figcaption><\/figure>\n<\/figure>\n\n\n\n<p>La segunda etapa, en la regi\u00f3n de <strong>Occitania<\/strong> (del 27 al 29 de enero), permiti\u00f3 visitar una zona quemada en Carnas a fin de conocer la metodolog\u00eda de recolecci\u00f3n de datos de vegetaci\u00f3n que se est\u00e1 utilizando en el WP4 para realizar un estudio forense de un incendio sin tener ning\u00fan tipo de registro. La visita sirvi\u00f3 tambi\u00e9n para que diferentes actores locales compartieran la estrategia de gesti\u00f3n del paisaje que se est\u00e1 llevando a cabo, y las adversidades y retos de la ganader\u00eda y agricultura local (vi\u00f1edos). Tambi\u00e9n se organiz\u00f3 una visita al <a href=\"https:\/\/puechabon.cefe.cnrs.fr\/\" target=\"_blank\" rel=\"noreferrer noopener\">\u00e1rea forestal experimental de \u200b\u200bPu\u00e9charon<\/a>, donde se est\u00e1 estudiando el impacto del cambio clim\u00e1tico en un encinar mediterr\u00e1neo t\u00edpico. All\u00ed se realizan experimentos de exclusi\u00f3n de lluvia, de an\u00e1lisis de los flujos de carbono en el suelo con el aumento de la temperatura y de monitorizaci\u00f3n del flujo de savia, entre otros.<\/p>\n\n\n\n<figure class=\"wp-block-gallery has-nested-images columns-default is-cropped wp-block-gallery-4 is-layout-flex wp-block-gallery-is-layout-flex\">\n<figure class=\"wp-block-image size-large\"><img loading=\"lazy\" decoding=\"async\" width=\"1024\" height=\"768\" data-id=\"4777\" src=\"https:\/\/www.fireadapt.eu\/wp-content\/uploads\/2025\/02\/Carnas-1024x768.jpg\" alt=\"\" class=\"wp-image-4777\" srcset=\"https:\/\/www.fireadapt.eu\/wp-content\/uploads\/2025\/02\/Carnas-1024x768.jpg 1024w, https:\/\/www.fireadapt.eu\/wp-content\/uploads\/2025\/02\/Carnas-300x225.jpg 300w, https:\/\/www.fireadapt.eu\/wp-content\/uploads\/2025\/02\/Carnas-768x576.jpg 768w, https:\/\/www.fireadapt.eu\/wp-content\/uploads\/2025\/02\/Carnas-1536x1152.jpg 1536w, https:\/\/www.fireadapt.eu\/wp-content\/uploads\/2025\/02\/Carnas.jpg 1600w\" sizes=\"(max-width: 1024px) 100vw, 1024px\" \/><figcaption class=\"wp-element-caption\">Recolecci\u00f3n de datos de vegetaci\u00f3n en Carnas.<\/figcaption><\/figure>\n\n\n\n<figure class=\"wp-block-image size-large\"><img loading=\"lazy\" decoding=\"async\" width=\"1024\" height=\"768\" data-id=\"4779\" src=\"https:\/\/www.fireadapt.eu\/wp-content\/uploads\/2025\/02\/Experiment-Puecharon-1024x768.jpg\" alt=\"\" class=\"wp-image-4779\" srcset=\"https:\/\/www.fireadapt.eu\/wp-content\/uploads\/2025\/02\/Experiment-Puecharon-1024x768.jpg 1024w, https:\/\/www.fireadapt.eu\/wp-content\/uploads\/2025\/02\/Experiment-Puecharon-300x225.jpg 300w, https:\/\/www.fireadapt.eu\/wp-content\/uploads\/2025\/02\/Experiment-Puecharon-768x576.jpg 768w, https:\/\/www.fireadapt.eu\/wp-content\/uploads\/2025\/02\/Experiment-Puecharon.jpg 1200w\" sizes=\"(max-width: 1024px) 100vw, 1024px\" \/><figcaption class=\"wp-element-caption\">Instalaci\u00f3n para experimentos de exclusi\u00f3n de lluvia para ver la adaptaci\u00f3n de la vegetaci\u00f3n.<\/figcaption><\/figure>\n\n\n\n<figure class=\"wp-block-image size-large\"><img loading=\"lazy\" decoding=\"async\" width=\"1024\" height=\"768\" data-id=\"4781\" src=\"https:\/\/www.fireadapt.eu\/wp-content\/uploads\/2025\/02\/Experiment2_Puechabon-1024x768.jpg\" alt=\"\" class=\"wp-image-4781\" srcset=\"https:\/\/www.fireadapt.eu\/wp-content\/uploads\/2025\/02\/Experiment2_Puechabon-1024x768.jpg 1024w, https:\/\/www.fireadapt.eu\/wp-content\/uploads\/2025\/02\/Experiment2_Puechabon-300x225.jpg 300w, https:\/\/www.fireadapt.eu\/wp-content\/uploads\/2025\/02\/Experiment2_Puechabon-768x576.jpg 768w, https:\/\/www.fireadapt.eu\/wp-content\/uploads\/2025\/02\/Experiment2_Puechabon.jpg 1200w\" sizes=\"(max-width: 1024px) 100vw, 1024px\" \/><figcaption class=\"wp-element-caption\">Equipo para el an\u00e1lisis de flujos de carbono seg\u00fan temperatura del suelo.<\/figcaption><\/figure>\n<\/figure>\n\n\n\n<p>La tercera etapa transcurri\u00f3 en la regi\u00f3n de los <strong>Pirineos Orientales <\/strong>(del 30 de enero al 1 de febrero). Durante tres d\u00edas se abord\u00f3 la integraci\u00f3n del pastoralismo en los sistemas de prevenci\u00f3n y de organizaci\u00f3n de las quemas prescritas, as\u00ed como el impacto de las quemas en la biodiversidad y la gesti\u00f3n del pastoralismo en la regi\u00f3n. Como ejemplo de ello, la visita a Les Aspres pemiti\u00f3 observar c\u00f3mo el uso del fuego con quemas prescritas, los trabajos mec\u00e1nicos y la gesti\u00f3n ganadera unen esfuerzos para la prevenci\u00f3n del riesgo de incendios. Igual de ilustrativas fueron las visitas a una explotaci\u00f3n ganadera en Baullestavy, como ejemplo de explotaci\u00f3n que depende directamente de las quemas para mejorar el pasto y a una zona pr\u00f3xima donde el proyecto <a href=\"http:\/\/La tercera etapa transcurri\u00f3 en la regi\u00f3n de los Pirineos Orientales (del 30 de enero al 1 de febrero). Durante tres d\u00edas se abord\u00f3 la integraci\u00f3n del pastoralismo en los sistemas de prevenci\u00f3n y de organizaci\u00f3n de las quemas prescritas, as\u00ed como el impacto de las quemas en la biodiversidad y la gesti\u00f3n del pastoralismo en la regi\u00f3n. Como ejemplo de ello, la visita a Les Aspres pemiti\u00f3 observar c\u00f3mo el uso del fuego con quemas prescritas, los trabajos mec\u00e1nicos y la gesti\u00f3n ganadera unen esfuerzos para la prevenci\u00f3n del riesgo de incendios. Igual de ilustrativas fueron las visitas a una explotaci\u00f3n ganadera en Baillestavy, como ejemplo de explotaci\u00f3n que depende directamente de las quemas para mejorar el pasto; a una zona pr\u00f3xima donde el proyecto Open2preserve, liderado por Jean Paul M\u00e9taili\u00e9 , estudi\u00f3 el impacto y regeneraci\u00f3n en diferentes parcelas quemadas; y a Jujols, para conocer de la mano de Bernard Lambert, impulsor y referente de las quemas prescritas en el Pirineo Oriental, y de ganaderos locales, la complicada gesti\u00f3n de las quemas prescritas, el pastoralismo y la prevenci\u00f3n de incendios en una \u00e1rea protegida.\" target=\"_blank\" rel=\"noreferrer noopener\">Open2preserve<\/a>, liderado por Jean Paul M\u00e9taili\u00e9, estudi\u00f3 el impacto y regeneraci\u00f3n en diferentes parcelas quemadas; y a Jujols, para conocer de la mano de Bernard Lambert, impulsor y referente de las quemas prescritas en el Pirineo Oriental, y de ganaderos locales, la complicada gesti\u00f3n de las quemas prescritas, el pastoralismo y la prevenci\u00f3n de incendios en una \u00e1rea protegida.<\/p>\n\n\n\n<figure class=\"wp-block-gallery has-nested-images columns-default is-cropped wp-block-gallery-5 is-layout-flex wp-block-gallery-is-layout-flex\">\n<figure class=\"wp-block-image size-large\"><img loading=\"lazy\" decoding=\"async\" width=\"1024\" height=\"768\" data-id=\"4786\" src=\"https:\/\/www.fireadapt.eu\/wp-content\/uploads\/2025\/02\/Les-Aspres-1024x768.jpg\" alt=\"\" class=\"wp-image-4786\" srcset=\"https:\/\/www.fireadapt.eu\/wp-content\/uploads\/2025\/02\/Les-Aspres-1024x768.jpg 1024w, https:\/\/www.fireadapt.eu\/wp-content\/uploads\/2025\/02\/Les-Aspres-300x225.jpg 300w, https:\/\/www.fireadapt.eu\/wp-content\/uploads\/2025\/02\/Les-Aspres-768x576.jpg 768w, https:\/\/www.fireadapt.eu\/wp-content\/uploads\/2025\/02\/Les-Aspres.jpg 1200w\" sizes=\"(max-width: 1024px) 100vw, 1024px\" \/><figcaption class=\"wp-element-caption\">Les Aspres como esfuerzo com\u00fan para la prevenci\u00f3n del riesgo de incendios.<\/figcaption><\/figure>\n\n\n\n<figure class=\"wp-block-image size-large\"><img loading=\"lazy\" decoding=\"async\" width=\"1024\" height=\"768\" data-id=\"4784\" src=\"https:\/\/www.fireadapt.eu\/wp-content\/uploads\/2025\/02\/Baullestavy-1024x768.jpg\" alt=\"\" class=\"wp-image-4784\" srcset=\"https:\/\/www.fireadapt.eu\/wp-content\/uploads\/2025\/02\/Baullestavy-1024x768.jpg 1024w, https:\/\/www.fireadapt.eu\/wp-content\/uploads\/2025\/02\/Baullestavy-300x225.jpg 300w, https:\/\/www.fireadapt.eu\/wp-content\/uploads\/2025\/02\/Baullestavy-768x576.jpg 768w, https:\/\/www.fireadapt.eu\/wp-content\/uploads\/2025\/02\/Baullestavy-1536x1152.jpg 1536w, https:\/\/www.fireadapt.eu\/wp-content\/uploads\/2025\/02\/Baullestavy.jpg 1600w\" sizes=\"(max-width: 1024px) 100vw, 1024px\" \/><figcaption class=\"wp-element-caption\">Intercambio de conocimiento con Jean Paul M\u00e9taili\u00e9.<\/figcaption><\/figure>\n\n\n\n<figure class=\"wp-block-image size-large\"><img loading=\"lazy\" decoding=\"async\" width=\"1024\" height=\"768\" data-id=\"4788\" src=\"https:\/\/www.fireadapt.eu\/wp-content\/uploads\/2025\/02\/Bernard_grup_Jujols-1024x768.jpg\" alt=\"\" class=\"wp-image-4788\" srcset=\"https:\/\/www.fireadapt.eu\/wp-content\/uploads\/2025\/02\/Bernard_grup_Jujols-1024x768.jpg 1024w, https:\/\/www.fireadapt.eu\/wp-content\/uploads\/2025\/02\/Bernard_grup_Jujols-300x225.jpg 300w, https:\/\/www.fireadapt.eu\/wp-content\/uploads\/2025\/02\/Bernard_grup_Jujols-768x576.jpg 768w, https:\/\/www.fireadapt.eu\/wp-content\/uploads\/2025\/02\/Bernard_grup_Jujols.jpg 1200w\" sizes=\"(max-width: 1024px) 100vw, 1024px\" \/><figcaption class=\"wp-element-caption\">Foto de grupo junto a Bernard Lambert.<\/figcaption><\/figure>\n<\/figure>\n\n\n\n<p>\u00abEn los Pirineos Orientales existe una unidad de quemas prescritas dirigida principalmente por ganaderos. Luego est\u00e1n los bomberos, que son los actores principales, junto con los militares de seguridad civil, que llevan a cabo las operaciones de quema prescrita en el departamento. Nuestra organizaci\u00f3n CBD66, desempe\u00f1a principalmente un papel de planificaci\u00f3n. Trabajamos en el apoyo a decisiones respecto de la ubicaci\u00f3n de zonas estrat\u00e9gicas, \u00e1reas de reducci\u00f3n de combustibles, puntos de acceso y fuentes de agua. Entonces, estamos m\u00e1s centrados en la planificaci\u00f3n. Durante la temporada de verano, no intervenimos en quemas prescritas sino en el seguimiento forestal y en el ataque inicial de peque\u00f1os incendios\u00bb, comenta Carole Duperron, de la Cellule Brulage Dirig\u00e9 66 (CBD66) y la Societ\u00e9 d&#8217;Elevage des PO (SEPO).<\/p>\n\n\n\n<p>Finalmente, la salida a Montauriol sirvi\u00f3 para observar la regeneraci\u00f3n del paisaje afectado por el incendio de 2024 que quem\u00f3 el mismo per\u00edmetro que el incendio de 2005. La visita nos permiti\u00f3  recoger im\u00e1genes magn\u00edficas.<\/p>\n\n\n\n<figure class=\"wp-block-gallery has-nested-images columns-default is-cropped wp-block-gallery-6 is-layout-flex wp-block-gallery-is-layout-flex\">\n<figure class=\"wp-block-image size-large\"><img loading=\"lazy\" decoding=\"async\" width=\"1024\" height=\"768\" data-id=\"4774\" src=\"https:\/\/www.fireadapt.eu\/wp-content\/uploads\/2025\/02\/Montauriol-1024x768.jpg\" alt=\"\" class=\"wp-image-4774\" srcset=\"https:\/\/www.fireadapt.eu\/wp-content\/uploads\/2025\/02\/Montauriol-1024x768.jpg 1024w, https:\/\/www.fireadapt.eu\/wp-content\/uploads\/2025\/02\/Montauriol-300x225.jpg 300w, https:\/\/www.fireadapt.eu\/wp-content\/uploads\/2025\/02\/Montauriol-768x576.jpg 768w, https:\/\/www.fireadapt.eu\/wp-content\/uploads\/2025\/02\/Montauriol-1536x1152.jpg 1536w, https:\/\/www.fireadapt.eu\/wp-content\/uploads\/2025\/02\/Montauriol.jpg 1600w\" sizes=\"(max-width: 1024px) 100vw, 1024px\" \/><\/figure>\n\n\n\n<figure class=\"wp-block-image size-large\"><img loading=\"lazy\" decoding=\"async\" width=\"1024\" height=\"768\" data-id=\"4792\" src=\"https:\/\/www.fireadapt.eu\/wp-content\/uploads\/2025\/02\/Montauriol_2-1024x768.jpeg\" alt=\"\" class=\"wp-image-4792\" srcset=\"https:\/\/www.fireadapt.eu\/wp-content\/uploads\/2025\/02\/Montauriol_2-1024x768.jpeg 1024w, https:\/\/www.fireadapt.eu\/wp-content\/uploads\/2025\/02\/Montauriol_2-300x225.jpeg 300w, https:\/\/www.fireadapt.eu\/wp-content\/uploads\/2025\/02\/Montauriol_2-768x576.jpeg 768w, https:\/\/www.fireadapt.eu\/wp-content\/uploads\/2025\/02\/Montauriol_2-1536x1152.jpeg 1536w, https:\/\/www.fireadapt.eu\/wp-content\/uploads\/2025\/02\/Montauriol_2.jpeg 1600w\" sizes=\"(max-width: 1024px) 100vw, 1024px\" \/><\/figure>\n<\/figure>\n\n\n\n<p>A lo largo del <em>Study Hub<\/em>, hubo tambi\u00e9n espacio para trabajar y avanzar en el proyecto. En este sentido se presentaron avances en diferentes <em>work packages<\/em> o \u00e1reas especializdas, se analizaron las actividades en curso y pr\u00f3ximos entregables del proyecto, y se llevaron a cabo talleres para trabajar en la \u00abGu\u00eda sobre el fortalecimiento de capacidades en Manejo Integral del Fuego\u00bb, para identificar casos de estudios para el libro del proyecto, y para recoger aportaciones de los participantes para el estudio sobre diferentes experiencias y perspectivas sobre Manejo Integral del Fuego.<\/p>\n\n\n\n<figure class=\"wp-block-gallery has-nested-images columns-default is-cropped wp-block-gallery-7 is-layout-flex wp-block-gallery-is-layout-flex\">\n<figure class=\"wp-block-image size-large\"><img loading=\"lazy\" decoding=\"async\" width=\"1024\" height=\"768\" data-id=\"4808\" src=\"https:\/\/www.fireadapt.eu\/wp-content\/uploads\/2025\/02\/Carbon-dynamics_presentation-1-1024x768.jpeg\" alt=\"\" class=\"wp-image-4808\" srcset=\"https:\/\/www.fireadapt.eu\/wp-content\/uploads\/2025\/02\/Carbon-dynamics_presentation-1-1024x768.jpeg 1024w, https:\/\/www.fireadapt.eu\/wp-content\/uploads\/2025\/02\/Carbon-dynamics_presentation-1-300x225.jpeg 300w, https:\/\/www.fireadapt.eu\/wp-content\/uploads\/2025\/02\/Carbon-dynamics_presentation-1-768x576.jpeg 768w, https:\/\/www.fireadapt.eu\/wp-content\/uploads\/2025\/02\/Carbon-dynamics_presentation-1-1536x1152.jpeg 1536w, https:\/\/www.fireadapt.eu\/wp-content\/uploads\/2025\/02\/Carbon-dynamics_presentation-1.jpeg 1920w\" sizes=\"(max-width: 1024px) 100vw, 1024px\" \/><\/figure>\n\n\n\n<figure class=\"wp-block-image size-large\"><img loading=\"lazy\" decoding=\"async\" width=\"1024\" height=\"768\" data-id=\"4799\" src=\"https:\/\/www.fireadapt.eu\/wp-content\/uploads\/2025\/02\/workshop_guia-capacidades_Montpellier-1024x768.jpg\" alt=\"\" class=\"wp-image-4799\" srcset=\"https:\/\/www.fireadapt.eu\/wp-content\/uploads\/2025\/02\/workshop_guia-capacidades_Montpellier-1024x768.jpg 1024w, https:\/\/www.fireadapt.eu\/wp-content\/uploads\/2025\/02\/workshop_guia-capacidades_Montpellier-300x225.jpg 300w, https:\/\/www.fireadapt.eu\/wp-content\/uploads\/2025\/02\/workshop_guia-capacidades_Montpellier-768x576.jpg 768w, https:\/\/www.fireadapt.eu\/wp-content\/uploads\/2025\/02\/workshop_guia-capacidades_Montpellier-1536x1152.jpg 1536w, https:\/\/www.fireadapt.eu\/wp-content\/uploads\/2025\/02\/workshop_guia-capacidades_Montpellier.jpg 1600w\" sizes=\"(max-width: 1024px) 100vw, 1024px\" \/><\/figure>\n\n\n\n<figure class=\"wp-block-image size-large\"><img loading=\"lazy\" decoding=\"async\" width=\"1024\" height=\"768\" data-id=\"4812\" src=\"https:\/\/www.fireadapt.eu\/wp-content\/uploads\/2025\/02\/Imma_presenting-to-local-actors-1024x768.jpeg\" alt=\"\" class=\"wp-image-4812\" srcset=\"https:\/\/www.fireadapt.eu\/wp-content\/uploads\/2025\/02\/Imma_presenting-to-local-actors-1024x768.jpeg 1024w, https:\/\/www.fireadapt.eu\/wp-content\/uploads\/2025\/02\/Imma_presenting-to-local-actors-300x225.jpeg 300w, https:\/\/www.fireadapt.eu\/wp-content\/uploads\/2025\/02\/Imma_presenting-to-local-actors-768x576.jpeg 768w, https:\/\/www.fireadapt.eu\/wp-content\/uploads\/2025\/02\/Imma_presenting-to-local-actors-1536x1152.jpeg 1536w, https:\/\/www.fireadapt.eu\/wp-content\/uploads\/2025\/02\/Imma_presenting-to-local-actors.jpeg 1600w\" sizes=\"(max-width: 1024px) 100vw, 1024px\" \/><\/figure>\n<\/figure>\n\n\n\n<p><\/p>\n","protected":false},"excerpt":{"rendered":"<p>El cuarto Study Hub de FIRE-ADAPT se celebr\u00f3 en Francia del 20 de enero al 1 de febrero de 2025. El evento, organizado por Warucene en colaboraci\u00f3n con el IRD, la Universidad Sorbonne y el CNRS, reuni\u00f3 a socios del proyecto de Francia, Italia, Espa\u00f1a y el Reino Unido a fin de conocer acciones de [&hellip;]<\/p>\n","protected":false},"author":1,"featured_media":4796,"comment_status":"open","ping_status":"closed","sticky":false,"template":"","format":"standard","meta":{"footnotes":""},"categories":[1],"tags":[],"class_list":["post-4751","post","type-post","status-publish","format-standard","has-post-thumbnail","hentry","category-sin-categorizar"],"_links":{"self":[{"href":"https:\/\/www.fireadapt.eu\/es\/wp-json\/wp\/v2\/posts\/4751","targetHints":{"allow":["GET"]}}],"collection":[{"href":"https:\/\/www.fireadapt.eu\/es\/wp-json\/wp\/v2\/posts"}],"about":[{"href":"https:\/\/www.fireadapt.eu\/es\/wp-json\/wp\/v2\/types\/post"}],"author":[{"embeddable":true,"href":"https:\/\/www.fireadapt.eu\/es\/wp-json\/wp\/v2\/users\/1"}],"replies":[{"embeddable":true,"href":"https:\/\/www.fireadapt.eu\/es\/wp-json\/wp\/v2\/comments?post=4751"}],"version-history":[{"count":17,"href":"https:\/\/www.fireadapt.eu\/es\/wp-json\/wp\/v2\/posts\/4751\/revisions"}],"predecessor-version":[{"id":4822,"href":"https:\/\/www.fireadapt.eu\/es\/wp-json\/wp\/v2\/posts\/4751\/revisions\/4822"}],"wp:featuredmedia":[{"embeddable":true,"href":"https:\/\/www.fireadapt.eu\/es\/wp-json\/wp\/v2\/media\/4796"}],"wp:attachment":[{"href":"https:\/\/www.fireadapt.eu\/es\/wp-json\/wp\/v2\/media?parent=4751"}],"wp:term":[{"taxonomy":"category","embeddable":true,"href":"https:\/\/www.fireadapt.eu\/es\/wp-json\/wp\/v2\/categories?post=4751"},{"taxonomy":"post_tag","embeddable":true,"href":"https:\/\/www.fireadapt.eu\/es\/wp-json\/wp\/v2\/tags?post=4751"}],"curies":[{"name":"wp","href":"https:\/\/api.w.org\/{rel}","templated":true}]}}